{"id":3421,"count":70,"description":"<h4 data-start=\"868\" data-end=\"943\"><strong data-start=\"873\" data-end=\"943\">Kabell\u00f6ffel \u2013 Pr\u00e4zision und Haltbarkeit f\u00fcr Kabel- und Leitungsbau<\/strong><\/h4>\r\n<p data-start=\"945\" data-end=\"1224\">Der <strong data-start=\"949\" data-end=\"968\">EMA Kabell\u00f6ffel<\/strong> ist speziell f\u00fcr pr\u00e4zise Grabungsarbeiten im <strong data-start=\"1014\" data-end=\"1040\">Kabel- und Leitungsbau<\/strong> entwickelt. Durch seine schmale, konische Form dringt er leicht in den Boden ein und verhindert, dass Material an der Innenseite haften bleibt \u2013 ideal f\u00fcr exakte und saubere Gr\u00e4ben.<\/p>\r\n<p data-start=\"1226\" data-end=\"1497\">Gefertigt aus <strong data-start=\"1240\" data-end=\"1255\">Hardox\u00ae 450<\/strong> und mit <strong data-start=\"1264\" data-end=\"1299\">Schneide aus 500 Brinell Borox\u00ae<\/strong>, bietet der L\u00f6ffel maximale Stabilit\u00e4t und Verschlei\u00dffestigkeit. Entwickelt in Zusammenarbeit mit erfahrenen Maschinenf\u00fchrern erf\u00fcllt er h\u00f6chste Anspr\u00fcche an Effizienz, Pr\u00e4zision und Lebensdauer.<\/p>\r\n<p data-start=\"1499\" data-end=\"1525\"><strong data-start=\"1499\" data-end=\"1523\">Technische Merkmale:<\/strong><\/p>\r\n\r\n<ul data-start=\"1526\" data-end=\"1932\">\r\n \t<li data-start=\"1526\" data-end=\"1591\">\r\n<p data-start=\"1528\" data-end=\"1591\"><strong data-start=\"1528\" data-end=\"1563\">Schneide aus 500 Brinell Borox\u00ae<\/strong> \u2013 extrem widerstandsf\u00e4hig<\/p>\r\n<\/li>\r\n \t<li data-start=\"1592\" data-end=\"1671\">\r\n<p data-start=\"1594\" data-end=\"1671\"><strong data-start=\"1594\" data-end=\"1614\">Verschlei\u00dfschutz<\/strong> an Seiten, Schneidkanten und Boden aus <strong data-start=\"1654\" data-end=\"1669\">Hardox\u00ae 450<\/strong><\/p>\r\n<\/li>\r\n \t<li data-start=\"1672\" data-end=\"1731\">\r\n<p data-start=\"1674\" data-end=\"1731\"><strong data-start=\"1674\" data-end=\"1701\">Langer, konischer Boden<\/strong> f\u00fcr stabile, saubere Gr\u00e4ben<\/p>\r\n<\/li>\r\n \t<li data-start=\"1732\" data-end=\"1791\">\r\n<p data-start=\"1734\" data-end=\"1791\"><strong data-start=\"1734\" data-end=\"1753\">Modernes Design<\/strong>, entwickelt f\u00fcr maximale Stabilit\u00e4t<\/p>\r\n<\/li>\r\n \t<li data-start=\"1792\" data-end=\"1860\">\r\n<p data-start=\"1794\" data-end=\"1860\">Kompatibel mit <strong data-start=\"1809\" data-end=\"1858\">S-Aufnahme, OQ-Aufnahme und Lehnhoff-Aufnahme<\/strong><\/p>\r\n<\/li>\r\n \t<li data-start=\"1861\" data-end=\"1932\">\r\n<p data-start=\"1863\" data-end=\"1932\">Optimiert f\u00fcr <strong data-start=\"1877\" data-end=\"1892\">Mobilbagger<\/strong> und den Einsatz mit <strong data-start=\"1913\" data-end=\"1930\">Tiltrotatoren<\/strong><\/p>\r\n<\/li>\r\n<\/ul>\r\n<p data-start=\"1934\" data-end=\"2101\">Ob im Tiefbau, Kabelbau oder bei pr\u00e4zisen Leitungsarbeiten \u2013 der <strong data-start=\"1999\" data-end=\"2018\">EMA Kabell\u00f6ffel<\/strong> sorgt f\u00fcr ein sauberes Ergebnis und langanhaltende Leistung auf jeder Baustelle.<\/p>\r\n<p data-start=\"2103\" data-end=\"2170\">\ud83d\udc49 <strong data-start=\"2106\" data-end=\"2170\">Jetzt mehr erfahren \u00fcber den EMA Kabell\u00f6ffel f\u00fcr Mobilbagger<\/strong><\/p>","link":"https:\/\/emasweden.com\/de\/produkt-kategori\/loeffel-und-ausruestung-fuer-baggern\/kabelloeffel-schmaler-grabenloeffel-fuer-mobilbagger\/","name":"KABELL\u00d6FFEL","slug":"kabelloeffel-schmaler-grabenloeffel-fuer-mobilbagger","taxonomy":"product_cat","parent":3578,"meta":[],"menu_order":0,"yoast_head":"<!-- This site is optimized with the Yoast SEO plugin v27.4 - https:\/\/yoast.com\/product\/yoast-seo-wordpress\/ -->\n<title>KABELL\u00d6FFEL - EMA Sverige<\/title>\n<meta name=\"description\" content=\"EMA Kabell\u00f6ffel \u2013 schmal &amp; robust. Hardox\u00ae 450\/500, Borox-Schneide, ideal f\u00fcr Mobilbagger &amp; Tiltrotatoren. S-, OQ- &amp; Lehnhoff-Aufnahme.\" \/>\n<meta name=\"robots\" content=\"index, follow, max-snippet:-1, max-image-preview:large, max-video-preview:-1\" \/>\n<link rel=\"canonical\" href=\"https:\/\/emasweden.com\/de\/produkt-kategori\/loeffel-und-ausruestung-fuer-baggern\/kabelloeffel-schmaler-grabenloeffel-fuer-mobilbagger\/\" \/>\n<meta property=\"og:locale\" content=\"de_DE\" \/>\n<meta property=\"og:type\" content=\"article\" \/>\n<meta property=\"og:title\" content=\"KABELL\u00d6FFEL - EMA Sverige\" \/>\n<meta property=\"og:description\" content=\"EMA Kabell\u00f6ffel \u2013 schmal &amp; robust. Hardox\u00ae 450\/500, Borox-Schneide, ideal f\u00fcr Mobilbagger &amp; Tiltrotatoren. S-, OQ- &amp; Lehnhoff-Aufnahme.\" \/>\n<meta property=\"og:url\" content=\"https:\/\/emasweden.com\/de\/produkt-kategori\/loeffel-und-ausruestung-fuer-baggern\/kabelloeffel-schmaler-grabenloeffel-fuer-mobilbagger\/\" \/>\n<meta property=\"og:site_name\" content=\"EMA Sverige\" \/>\n<meta name=\"twitter:card\" content=\"summary_large_image\" \/>\n<script type=\"application\/ld+json\" class=\"yoast-schema-graph\">{\"@context\":\"https:\\\/\\\/schema.org\",\"@graph\":[{\"@type\":\"CollectionPage\",\"@id\":\"https:\\\/\\\/emasweden.com\\\/de\\\/produkt-kategori\\\/loeffel-und-ausruestung-fuer-baggern\\\/kabelloeffel-schmaler-grabenloeffel-fuer-mobilbagger\\\/\",\"url\":\"https:\\\/\\\/emasweden.com\\\/de\\\/produkt-kategori\\\/loeffel-und-ausruestung-fuer-baggern\\\/kabelloeffel-schmaler-grabenloeffel-fuer-mobilbagger\\\/\",\"name\":\"KABELL\u00d6FFEL - EMA Sverige\",\"isPartOf\":{\"@id\":\"https:\\\/\\\/emasweden.com\\\/de\\\/#website\"},\"description\":\"EMA Kabell\u00f6ffel \u2013 schmal & robust. Hardox\u00ae 450\\\/500, Borox-Schneide, ideal f\u00fcr Mobilbagger & Tiltrotatoren. S-, OQ- & Lehnhoff-Aufnahme.\",\"breadcrumb\":{\"@id\":\"https:\\\/\\\/emasweden.com\\\/de\\\/produkt-kategori\\\/loeffel-und-ausruestung-fuer-baggern\\\/kabelloeffel-schmaler-grabenloeffel-fuer-mobilbagger\\\/#breadcrumb\"},\"inLanguage\":\"de\"},{\"@type\":\"BreadcrumbList\",\"@id\":\"https:\\\/\\\/emasweden.com\\\/de\\\/produkt-kategori\\\/loeffel-und-ausruestung-fuer-baggern\\\/kabelloeffel-schmaler-grabenloeffel-fuer-mobilbagger\\\/#breadcrumb\",\"itemListElement\":[{\"@type\":\"ListItem\",\"position\":1,\"name\":\"Hem\",\"item\":\"https:\\\/\\\/emasweden.com\\\/de\\\/\"},{\"@type\":\"ListItem\",\"position\":2,\"name\":\"F\u00dcR BAGGER\",\"item\":\"https:\\\/\\\/emasweden.com\\\/de\\\/produkt-kategori\\\/loeffel-und-ausruestung-fuer-baggern\\\/\"},{\"@type\":\"ListItem\",\"position\":3,\"name\":\"KABELL\u00d6FFEL\"}]},{\"@type\":\"WebSite\",\"@id\":\"https:\\\/\\\/emasweden.com\\\/de\\\/#website\",\"url\":\"https:\\\/\\\/emasweden.com\\\/de\\\/\",\"name\":\"EMA Sverige\",\"description\":\"\",\"potentialAction\":[{\"@type\":\"SearchAction\",\"target\":{\"@type\":\"EntryPoint\",\"urlTemplate\":\"https:\\\/\\\/emasweden.com\\\/de\\\/?s={search_term_string}\"},\"query-input\":{\"@type\":\"PropertyValueSpecification\",\"valueRequired\":true,\"valueName\":\"search_term_string\"}}],\"inLanguage\":\"de\"}]}<\/script>\n<!-- \/ Yoast SEO plugin. -->","yoast_head_json":{"title":"KABELL\u00d6FFEL - EMA Sverige","description":"EMA Kabell\u00f6ffel \u2013 schmal & robust. Hardox\u00ae 450\/500, Borox-Schneide, ideal f\u00fcr Mobilbagger & Tiltrotatoren. S-, OQ- & Lehnhoff-Aufnahme.","robots":{"index":"index","follow":"follow","max-snippet":"max-snippet:-1","max-image-preview":"max-image-preview:large","max-video-preview":"max-video-preview:-1"},"canonical":"https:\/\/emasweden.com\/de\/produkt-kategori\/loeffel-und-ausruestung-fuer-baggern\/kabelloeffel-schmaler-grabenloeffel-fuer-mobilbagger\/","og_locale":"de_DE","og_type":"article","og_title":"KABELL\u00d6FFEL - EMA Sverige","og_description":"EMA Kabell\u00f6ffel \u2013 schmal & robust. Hardox\u00ae 450\/500, Borox-Schneide, ideal f\u00fcr Mobilbagger & Tiltrotatoren. S-, OQ- & Lehnhoff-Aufnahme.","og_url":"https:\/\/emasweden.com\/de\/produkt-kategori\/loeffel-und-ausruestung-fuer-baggern\/kabelloeffel-schmaler-grabenloeffel-fuer-mobilbagger\/","og_site_name":"EMA Sverige","twitter_card":"summary_large_image","schema":{"@context":"https:\/\/schema.org","@graph":[{"@type":"CollectionPage","@id":"https:\/\/emasweden.com\/de\/produkt-kategori\/loeffel-und-ausruestung-fuer-baggern\/kabelloeffel-schmaler-grabenloeffel-fuer-mobilbagger\/","url":"https:\/\/emasweden.com\/de\/produkt-kategori\/loeffel-und-ausruestung-fuer-baggern\/kabelloeffel-schmaler-grabenloeffel-fuer-mobilbagger\/","name":"KABELL\u00d6FFEL - EMA Sverige","isPartOf":{"@id":"https:\/\/emasweden.com\/de\/#website"},"description":"EMA Kabell\u00f6ffel \u2013 schmal & robust. Hardox\u00ae 450\/500, Borox-Schneide, ideal f\u00fcr Mobilbagger & Tiltrotatoren. S-, OQ- & Lehnhoff-Aufnahme.","breadcrumb":{"@id":"https:\/\/emasweden.com\/de\/produkt-kategori\/loeffel-und-ausruestung-fuer-baggern\/kabelloeffel-schmaler-grabenloeffel-fuer-mobilbagger\/#breadcrumb"},"inLanguage":"de"},{"@type":"BreadcrumbList","@id":"https:\/\/emasweden.com\/de\/produkt-kategori\/loeffel-und-ausruestung-fuer-baggern\/kabelloeffel-schmaler-grabenloeffel-fuer-mobilbagger\/#breadcrumb","itemListElement":[{"@type":"ListItem","position":1,"name":"Hem","item":"https:\/\/emasweden.com\/de\/"},{"@type":"ListItem","position":2,"name":"F\u00dcR BAGGER","item":"https:\/\/emasweden.com\/de\/produkt-kategori\/loeffel-und-ausruestung-fuer-baggern\/"},{"@type":"ListItem","position":3,"name":"KABELL\u00d6FFEL"}]},{"@type":"WebSite","@id":"https:\/\/emasweden.com\/de\/#website","url":"https:\/\/emasweden.com\/de\/","name":"EMA Sverige","description":"","potentialAction":[{"@type":"SearchAction","target":{"@type":"EntryPoint","urlTemplate":"https:\/\/emasweden.com\/de\/?s={search_term_string}"},"query-input":{"@type":"PropertyValueSpecification","valueRequired":true,"valueName":"search_term_string"}}],"inLanguage":"de"}]}},"_links":{"self":[{"href":"https:\/\/emasweden.com\/de\/wp-json\/wp\/v2\/product_cat\/3421","targetHints":{"allow":["GET"]}}],"collection":[{"href":"https:\/\/emasweden.com\/de\/wp-json\/wp\/v2\/product_cat"}],"about":[{"href":"https:\/\/emasweden.com\/de\/wp-json\/wp\/v2\/taxonomies\/product_cat"}],"up":[{"embeddable":true,"href":"https:\/\/emasweden.com\/de\/wp-json\/wp\/v2\/product_cat\/3578"}],"wp:post_type":[{"href":"https:\/\/emasweden.com\/de\/wp-json\/wp\/v2\/product?product_cat=3421"}],"curies":[{"name":"wp","href":"https:\/\/api.w.org\/{rel}","templated":true}]}}